{"id":6708,"date":"2025-04-23T17:10:43","date_gmt":"2025-04-23T20:10:43","guid":{"rendered":"https:\/\/saoroquedeminas.mg.gov.br\/?p=6708"},"modified":"2025-04-24T14:26:13","modified_gmt":"2025-04-24T17:26:13","slug":"edital-001-2024-lei-aldir-blanc","status":"publish","type":"post","link":"https:\/\/saoroquedeminas.mg.gov.br\/?p=6708","title":{"rendered":"EDITAL 001\/2025 &#8211; Lei Aldir Blanc"},"content":{"rendered":"<p>\ud83d\udce2 Artistas, agentes culturais e amantes da arte de S\u00e3o Roque de Minas, chegou a sua chance! Estamos recebendo inscri\u00e7\u00f5es para a CONCESS\u00c3O DE BOLSAS CULTURAIS, conforme a Lei Aldir Blanc.<\/p>\n<p><a href=\"https:\/\/www.docbox.com.br\/saoroquedeminas\/admin\/arquivos\/2025\/Publica%C3%A7%C3%B5es\/Editais_para_atendimento_da_Lei_Aldir_Blanc\/2105\/2105_ALDIRBLANCEDITAL.PDF\">\ud83d\udcdd<\/a>\u00a0<a href=\"https:\/\/www.docbox.com.br\/saoroquedeminas\/admin\/arquivos\/2025\/Publica%C3%A7%C3%B5es\/Editais_para_atendimento_da_Lei_Aldir_Blanc\/2105\/2105_ALDIRBLANCEDITAL.PDF\">Acesse o Edital 01\/2025 aqui!<\/a><\/p>\n<p>\ud83d\udcde D\u00favidas e mais informa\u00e7\u00f5es:<br \/>\n\u260e\ufe0f (37) 9 8826-4702<br \/>\n\ud83d\udce7 <span \n                data-original-string='j0XdwNB2PWza0sESB5rBZA==679OnXF7MSIv7H7Xn\/yp\/qo4IM0eFQaercv8DoUvdeDOnLRHgLCYvIRVe5BPrnPWCze'\n                class='apbct-email-encoder'\n                title='This contact has been encoded by Anti-Spam by CleanTalk. Click to decode. To finish the decoding make sure that JavaScript is enabled in your browser.'>cu<span class=\"apbct-blur\">********************<\/span>@<span class=\"apbct-blur\">***<\/span>il.com<\/span><\/p>\n<p>N\u00e3o perca tempo! Inscreva-se e ajude a fortalecer a cultura em nosso munic\u00edpio. \ud83c\udfad\ud83c\udfa8\ud83c\udfb6<\/p>\n<p>#BolsasCulturais #leialdirblanc #cultura #arte #inscri\u00e7\u00f5esabertas<\/p>\n<p>\ud83d\udd30 Departamento de Turismo e Cultura de S\u00e3o Roque de Minas<\/p>\n","protected":false},"excerpt":{"rendered":"<p>\ud83d\udce2 Artistas, agentes culturais e amantes da arte de S\u00e3o Roque de Minas, chegou a sua chance! Estamos recebendo inscri\u00e7\u00f5es para a CONCESS\u00c3O DE BOLSAS CULTURAIS, conforme a Lei Aldir Blanc. \ud83d\udcdd\u00a0Acesse o Edital 01\/2025 aqui! \ud83d\udcde D\u00favidas e mais informa\u00e7\u00f5es: \u260e\ufe0f (37) 9 8826-4702 \ud83d\udce7 cu********************@***il.com N\u00e3o perca tempo! Inscreva-se e ajude a fortalecer [&hellip;]<\/p>\n","protected":false},"author":16,"featured_media":6766,"comment_status":"open","ping_status":"open","sticky":false,"template":"","format":"standard","meta":{"footnotes":""},"categories":[45],"tags":[],"class_list":["post-6708","post","type-post","status-publish","format-standard","has-post-thumbnail","hentry","category-noticias"],"_links":{"self":[{"href":"https:\/\/saoroquedeminas.mg.gov.br\/index.php?rest_route=\/wp\/v2\/posts\/6708","targetHints":{"allow":["GET"]}}],"collection":[{"href":"https:\/\/saoroquedeminas.mg.gov.br\/index.php?rest_route=\/wp\/v2\/posts"}],"about":[{"href":"https:\/\/saoroquedeminas.mg.gov.br\/index.php?rest_route=\/wp\/v2\/types\/post"}],"author":[{"embeddable":true,"href":"https:\/\/saoroquedeminas.mg.gov.br\/index.php?rest_route=\/wp\/v2\/users\/16"}],"replies":[{"embeddable":true,"href":"https:\/\/saoroquedeminas.mg.gov.br\/index.php?rest_route=%2Fwp%2Fv2%2Fcomments&post=6708"}],"version-history":[{"count":4,"href":"https:\/\/saoroquedeminas.mg.gov.br\/index.php?rest_route=\/wp\/v2\/posts\/6708\/revisions"}],"predecessor-version":[{"id":6768,"href":"https:\/\/saoroquedeminas.mg.gov.br\/index.php?rest_route=\/wp\/v2\/posts\/6708\/revisions\/6768"}],"wp:featuredmedia":[{"embeddable":true,"href":"https:\/\/saoroquedeminas.mg.gov.br\/index.php?rest_route=\/wp\/v2\/media\/6766"}],"wp:attachment":[{"href":"https:\/\/saoroquedeminas.mg.gov.br\/index.php?rest_route=%2Fwp%2Fv2%2Fmedia&parent=6708"}],"wp:term":[{"taxonomy":"category","embeddable":true,"href":"https:\/\/saoroquedeminas.mg.gov.br\/index.php?rest_route=%2Fwp%2Fv2%2Fcategories&post=6708"},{"taxonomy":"post_tag","embeddable":true,"href":"https:\/\/saoroquedeminas.mg.gov.br\/index.php?rest_route=%2Fwp%2Fv2%2Ftags&post=6708"}],"curies":[{"name":"wp","href":"https:\/\/api.w.org\/{rel}","templated":true}]}}