{"id":4952,"date":"2020-08-24T12:03:55","date_gmt":"2020-08-24T15:03:55","guid":{"rendered":"http:\/\/191.252.128.162\/~divisaalegremg\/?p=4952"},"modified":"2025-04-09T23:44:36","modified_gmt":"2025-04-10T02:44:36","slug":"secretaria-educacao-2","status":"publish","type":"post","link":"http:\/\/saoroquedeminas.mg.gov.br\/?p=4952","title":{"rendered":"Secretaria Municipal de Educa\u00e7\u00e3o"},"content":{"rendered":"<div>\n<p>A Secretaria de Educa\u00e7\u00e3o \u00e9 o \u00f3rg\u00e3o respons\u00e1vel pela forma\u00e7\u00e3o da politica educacional do Munic\u00edpio, no \u00e2mbito de sua compet\u00eancia, competindo-lhe, tamb\u00e9m:<\/p>\n<p>I &#8211; planejar, supervisionar e executar a politica de educa\u00e7\u00e3o, aos n\u00edveis;<br \/>\nII Promover estudos e pesquisas, visando melhora o ensino no munic\u00edpio;<br \/>\nIII &#8211; promover anualmente treinamentos para aperfei\u00e7oamento dos professores;<br \/>\nIV &#8211; fazer anualmente a chamada da popula\u00e7\u00e3o em idade escolar;<br \/>\nV &#8211; fazer cumprir as disposi\u00e7\u00f5es regulamentares do ensino p\u00fablico;<br \/>\nVI &#8211; dar parecer sobre pedidos de subven\u00e7\u00f5es ou aux\u00edlios para institui\u00e7\u00f5es educacionais e fiscalizar sua aplica\u00e7\u00e3o;<br \/>\nVII &#8211; manter interc\u00e2mbio com entidades governamentais e privadas visando o melhoramento da educa\u00e7\u00e3o;<br \/>\nVIII &#8211; executar programas em conjunto com outros \u00f3rg\u00e3os da Administra\u00e7\u00e3o Municipal;<br \/>\n\u00a7 1\u00ba dar suporte ao Conselho Municipal de Educa\u00e7\u00e3o.<\/p>\n<p>IX &#8211; fiscalizar a oferta de ensino especial, fazendo cumprir as diretrizes de apoio especializado, criados para atender as peculiaridades do educando portador de necessidades especiais, aos em atraso consider\u00e1vel quanto a idade regular de matricula e aos superdotados;<\/p>\n<p>X &#8211; zelar pelo cumprimento e fiscaliza\u00e7\u00e3o do recenseamento da popula\u00e7\u00e3o em idade escolar para o ensino fundamental, e os jovens e adultos que a ela n\u00e3o tiverem acesso, bem como a realiza\u00e7\u00e3o da chamada publica e a frequ\u00eancia \u00e0 escola.<\/p>\n<p>XI &#8211; avaliar o cumprimento do plano municipal de educa\u00e7\u00e3o, bem como os projetos ou programas da educa\u00e7\u00e3o municipal;<\/p>\n<p>XII &#8211; conhecer a realidade educacional do munic\u00edpio e propor medidas ao poder publico para melhoria do fluxo e do rendimento escolar.<\/p>\n<p>\u00a7 2\u00ba dar suporte ao Conselho Municipal de Acompanhamento e Controle Social do Fundo de Manuten\u00e7\u00e3o e Desenvolvimento do Ensino Fundamental e Valoriza\u00e7\u00e3o do Magist\u00e9rio.<\/p>\n<\/div>\n<div>\n<p><strong>Secret\u00e1ria de Educa\u00e7\u00e3o<br \/>\n<\/strong><strong>Sra.<br \/>\n<\/strong>End: Rua Marechal Floriano Peixoto, 346 &#8211; Colina<br \/>\nTel.: (37) 3433-1288<br \/>\nEmail: <span \n                data-original-string='jxB5Kj+euaMVxyBEM7neCA==679GCnRo2Cv7VOzy37tduThFwFy5D8eN7zZmikUGCr+6wEq4bBOe5Ky749PpMm18t6w'\n                class='apbct-email-encoder'\n                title='This contact has been encoded by Anti-Spam by CleanTalk. Click to decode. To finish the decoding make sure that JavaScript is enabled in your browser.'>ed<span class=\"apbct-blur\">******<\/span>@<span class=\"apbct-blur\">********************<\/span>ov.br<\/span><\/p>\n<p><strong>Diretor de Escola<br \/>\n<\/strong><strong>Sra.<br \/>\n<\/strong>End: Rua Marechal Floriano Peixoto, 346 &#8211; Colina<br \/>\nTel.: (37) 3433-1288<br \/>\nEmail: <span \n                data-original-string='S3WzSv0mdLDbpB991ihLrg==679JRsCfwFSH7X62NgYsg9NQbrZJzt0IxQBQEBXIPQ6modfWro\/SatcK463ujK3RsFH'\n                class='apbct-email-encoder'\n                title='This contact has been encoded by Anti-Spam by CleanTalk. Click to decode. To finish the decoding make sure that JavaScript is enabled in your browser.'>ed<span class=\"apbct-blur\">******<\/span>@<span class=\"apbct-blur\">********************<\/span>ov.br<\/span><\/p>\n<p><strong>Diretor de Escola<br \/>\n<\/strong><strong>Sra.<br \/>\n<\/strong>End: Rua Marechal Floriano Peixoto, 346 &#8211; Colina<br \/>\nTel.: (37) 3433-1288<br \/>\nEmail: <span \n                data-original-string='3qL+FwMDBC++Wbe7FqLB7w==679VyUa0ospPUHkBxyVrGvKahZtoOJ6Oz53ytUk8c\/uVELbIdqf5ZIcTNKJRYK2iUzr'\n                class='apbct-email-encoder'\n                title='This contact has been encoded by Anti-Spam by CleanTalk. Click to decode. To finish the decoding make sure that JavaScript is enabled in your browser.'>ed<span class=\"apbct-blur\">******<\/span>@<span class=\"apbct-blur\">********************<\/span>ov.br<\/span><\/p>\n<p><strong>Assessoria de Coordena\u00e7\u00e3o de Escolas Municipais<br \/>\n<\/strong><strong>Sra.<br \/>\n<\/strong>End: Rua Marechal Floriano Peixoto, 346 &#8211; Colina<br \/>\nTel.: (37) 3433-1288<br \/>\nEmail: <span \n                data-original-string='VVC7bkijRVgkSRpU7D5oxw==679DSDPRdYOLLNF2w29MCVTWWgd80LRq4Dfl8s4OqlsmjOB\/ddOu1cH19Ehb5iGG+Wz'\n                class='apbct-email-encoder'\n                title='This contact has been encoded by Anti-Spam by CleanTalk. Click to decode. To finish the decoding make sure that JavaScript is enabled in your browser.'>ed<span class=\"apbct-blur\">******<\/span>@<span class=\"apbct-blur\">********************<\/span>ov.br<\/span><\/p>\n<p><strong>Assessoria de Coordena\u00e7\u00e3o de Escolas Municipais<br \/>\n<\/strong><strong>Sra.<br \/>\n<\/strong>End: Rua Marechal Floriano Peixoto, 346 &#8211; Colina<br \/>\nTel.: (37) 3433-1288<br \/>\nEmail: <span \n                data-original-string='utOBtaqZxLv\/2hHAsvzj5Q==6798M2udv2DDlNSvUhuOyhtHb3GjDmxe+GgdmH9jLT3EmqsM9O0KMjPSc6JUpTOkiH+'\n                class='apbct-email-encoder'\n                title='This contact has been encoded by Anti-Spam by CleanTalk. Click to decode. To finish the decoding make sure that JavaScript is enabled in your browser.'>ed<span class=\"apbct-blur\">******<\/span>@<span class=\"apbct-blur\">********************<\/span>ov.br<\/span><\/p>\n<p><strong>Assessoria de Coordena\u00e7\u00e3o de Escolas Municipais<br \/>\nSrta.<br \/>\n<\/strong>End: Rua Marechal Floriano Peixoto, 346 &#8211; Colina<br \/>\nTel.: (37) 3433-1288<br \/>\nEmail: <span \n                data-original-string='rITKV2EL9cAN\/VhmQH6PbQ==679dD0dOVX9JvnRbMypbswrLsdQd+JAtX8eFODRJvxrFhXJ36Cw9h\/Totpcn9pyNGui'\n                class='apbct-email-encoder'\n                title='This contact has been encoded by Anti-Spam by CleanTalk. Click to decode. To finish the decoding make sure that JavaScript is enabled in your browser.'>ed<span class=\"apbct-blur\">******<\/span>@<span class=\"apbct-blur\">********************<\/span>ov.br<\/span><\/p>\n<p><strong>Assessoria de Coordena\u00e7\u00e3o de Biblioteca Escolar\u00a0 \u00a0 \u00a0 \u00a0 \u00a0 \u00a0 \u00a0 \u00a0 \u00a0 \u00a0 \u00a0 \u00a0 \u00a0 \u00a0 \u00a0 \u00a0 \u00a0 \u00a0 \u00a0 \u00a0 \u00a0 \u00a0 \u00a0 \u00a0 \u00a0 \u00a0 \u00a0 \u00a0 \u00a0 \u00a0 \u00a0 \u00a0 \u00a0 \u00a0 \u00a0 \u00a0 \u00a0 \u00a0 \u00a0 \u00a0 \u00a0 \u00a0 \u00a0 \u00a0 \u00a0Sra. Andr\u00e9a Cristina de Melo<br \/>\n<\/strong>End: Rua Marechal Floriano Peixoto, 346 &#8211; Colina<br \/>\nTel.: (37) 3433-1288<br \/>\nEmail: <span \n                data-original-string='HO4bbkhfsueu+7DVRu3KWw==679QdfSmS0Y3gufa0VGwtweK9\/gxV4C+V1zRNmrZSG71aGOdz+OYGVdEMOvDijC3lMR'\n                class='apbct-email-encoder'\n                title='This contact has been encoded by Anti-Spam by CleanTalk. Click to decode. To finish the decoding make sure that JavaScript is enabled in your browser.'>ed<span class=\"apbct-blur\">******<\/span>@<span class=\"apbct-blur\">********************<\/span>ov.br<\/span><\/p>\n<p><strong>Assessoria de Coordena\u00e7\u00e3o e Eventos Escolares<br \/>\n<\/strong><strong>Sra.<br \/>\n<\/strong>End: Rua Marechal Floriano Peixoto, 346 &#8211; Colina<br \/>\nTel.: (37) 3433-1288<br \/>\nEmail: <span \n                data-original-string='w7OWdp29zQ4VKrLRmjZivA==679iCT99MHtyNPi7kVXaQHqqHvidtKqUfxGNcDAGFcMjrVcIg+JDILqIG6QHF69ScsS'\n                class='apbct-email-encoder'\n                title='This contact has been encoded by Anti-Spam by CleanTalk. Click to decode. To finish the decoding make sure that JavaScript is enabled in your browser.'>ed<span class=\"apbct-blur\">******<\/span>@<span class=\"apbct-blur\">********************<\/span>ov.br<\/span><\/p>\n<\/div>\n","protected":false},"excerpt":{"rendered":"<p>A Secretaria de Educa\u00e7\u00e3o \u00e9 o \u00f3rg\u00e3o respons\u00e1vel pela forma\u00e7\u00e3o da politica educacional do Munic\u00edpio, no \u00e2mbito de sua compet\u00eancia, competindo-lhe, tamb\u00e9m: I &#8211; planejar, supervisionar e executar a politica de educa\u00e7\u00e3o, aos n\u00edveis; II Promover estudos e pesquisas, visando melhora o ensino no munic\u00edpio; III &#8211; promover anualmente treinamentos para aperfei\u00e7oamento dos professores; IV [&hellip;]<\/p>\n","protected":false},"author":16,"featured_media":5583,"comment_status":"open","ping_status":"open","sticky":false,"template":"","format":"standard","meta":{"footnotes":""},"categories":[274,94],"tags":[],"class_list":["post-4952","post","type-post","status-publish","format-standard","has-post-thumbnail","hentry","category-educacao","category-setores"],"_links":{"self":[{"href":"http:\/\/saoroquedeminas.mg.gov.br\/index.php?rest_route=\/wp\/v2\/posts\/4952","targetHints":{"allow":["GET"]}}],"collection":[{"href":"http:\/\/saoroquedeminas.mg.gov.br\/index.php?rest_route=\/wp\/v2\/posts"}],"about":[{"href":"http:\/\/saoroquedeminas.mg.gov.br\/index.php?rest_route=\/wp\/v2\/types\/post"}],"author":[{"embeddable":true,"href":"http:\/\/saoroquedeminas.mg.gov.br\/index.php?rest_route=\/wp\/v2\/users\/16"}],"replies":[{"embeddable":true,"href":"http:\/\/saoroquedeminas.mg.gov.br\/index.php?rest_route=%2Fwp%2Fv2%2Fcomments&post=4952"}],"version-history":[{"count":8,"href":"http:\/\/saoroquedeminas.mg.gov.br\/index.php?rest_route=\/wp\/v2\/posts\/4952\/revisions"}],"predecessor-version":[{"id":6756,"href":"http:\/\/saoroquedeminas.mg.gov.br\/index.php?rest_route=\/wp\/v2\/posts\/4952\/revisions\/6756"}],"wp:featuredmedia":[{"embeddable":true,"href":"http:\/\/saoroquedeminas.mg.gov.br\/index.php?rest_route=\/wp\/v2\/media\/5583"}],"wp:attachment":[{"href":"http:\/\/saoroquedeminas.mg.gov.br\/index.php?rest_route=%2Fwp%2Fv2%2Fmedia&parent=4952"}],"wp:term":[{"taxonomy":"category","embeddable":true,"href":"http:\/\/saoroquedeminas.mg.gov.br\/index.php?rest_route=%2Fwp%2Fv2%2Fcategories&post=4952"},{"taxonomy":"post_tag","embeddable":true,"href":"http:\/\/saoroquedeminas.mg.gov.br\/index.php?rest_route=%2Fwp%2Fv2%2Ftags&post=4952"}],"curies":[{"name":"wp","href":"https:\/\/api.w.org\/{rel}","templated":true}]}}